{"id":5270,"date":"2023-12-16T20:54:10","date_gmt":"2023-12-16T18:54:10","guid":{"rendered":"https:\/\/ceragem.de\/ch\/?p=5270"},"modified":"2023-12-16T20:56:39","modified_gmt":"2023-12-16T18:56:39","slug":"globale-errungenschaften-ceragem-erhaelt-den-presidential-award-beim-trade-day","status":"publish","type":"post","link":"https:\/\/ceragem.de\/ch\/aktuelles\/globale-errungenschaften-ceragem-erhaelt-den-presidential-award-beim-trade-day\/","title":{"rendered":"Globale Errungenschaften: Ceragem erh\u00e4lt den Presidential Award beim Trade Day"},"content":{"rendered":"\t\t<div data-elementor-type=\"wp-post\" data-elementor-id=\"5270\" class=\"elementor elementor-5270\">\n\t\t\t\t\t\t<section class=\"elementor-section elementor-top-section elementor-element elementor-element-c4d7e6b elementor-section-boxed elementor-section-height-default elementor-section-height-default\" data-id=\"c4d7e6b\" data-element_type=\"section\" data-e-type=\"section\">\n\t\t\t\t\t\t<div class=\"elementor-container elementor-column-gap-default\">\n\t\t\t\t\t<div class=\"aux-parallax-section elementor-column elementor-col-100 elementor-top-column elementor-element elementor-element-232d443\" data-id=\"232d443\" data-element_type=\"column\" data-e-type=\"column\">\n\t\t\t<div class=\"elementor-widget-wrap elementor-element-populated\">\n\t\t\t\t\t\t<section class=\"elementor-section elementor-inner-section elementor-element elementor-element-5ae7bb9 elementor-section-height-default elementor-section-boxed elementor-section-height-default\" data-id=\"5ae7bb9\" data-element_type=\"section\" data-e-type=\"section\">\n\t\t\t\t\t\t<div class=\"elementor-container elementor-column-gap-default\">\n\t\t\t\t\t<div class=\"aux-parallax-section elementor-column elementor-col-100 elementor-top-column elementor-element elementor-element-be6d44d\" data-id=\"be6d44d\" data-element_type=\"column\" data-e-type=\"column\">\n\t\t\t<div class=\"elementor-widget-wrap elementor-element-populated\">\n\t\t\t\t\t\t<div class=\"elementor-element elementor-element-38c7d1b elementor-widget elementor-widget-text-editor\" data-id=\"38c7d1b\" data-element_type=\"widget\" data-e-type=\"widget\" data-widget_type=\"text-editor.default\">\n\t\t\t\t<div class=\"elementor-widget-container\">\n\t\t\t\t\t\t\t\t\t<p>Am 6. Juni verk\u00fcndete Ceragem stolz, den Presidential Award bei der 60. Trade Day Celebration im COEX in Samseong-dong erhalten zu haben.<\/p><p>Seit dem ersten Export in die Vereinigten Staaten im Jahr 1999 hat Ceragem aktiv \u00dcberseem\u00e4rkte erschlossen, indem es nach China, Indien und Europa expandierte. Derzeit betreibt das Unternehmen 2.500 Ceragem-Center in 70 L\u00e4ndern.<\/p><p>Im vergangenen Jahr hat das Unternehmen seine globale Expansion weiter vorangetrieben, indem es Erlebnisr\u00e4ume einrichtete, darunter sein erstes direktes Gesch\u00e4ft in den Vereinigten Staaten. K\u00fcrzlich wurde das erste direkte Erlebnisgesch\u00e4ft, &#8222;Well Cafe&#8220;, in West Hollywood, LA, er\u00f6ffnet.<\/p>\t\t\t\t\t\t\t\t<\/div>\n\t\t\t\t<\/div>\n\t\t\t\t\t<\/div>\n\t\t<\/div>\n\t\t\t\t\t<\/div>\n\t\t<\/section>\n\t\t\t\t\t<\/div>\n\t\t<\/div>\n\t\t\t\t\t<\/div>\n\t\t<\/section>\n\t\t\t\t<section class=\"elementor-section elementor-top-section elementor-element elementor-element-7fdaf70 elementor-section-boxed elementor-section-height-default elementor-section-height-default\" data-id=\"7fdaf70\" data-element_type=\"section\" data-e-type=\"section\">\n\t\t\t\t\t\t<div class=\"elementor-container elementor-column-gap-default\">\n\t\t\t\t\t<div class=\"aux-parallax-section elementor-column elementor-col-100 elementor-top-column elementor-element elementor-element-b7d6ae1\" data-id=\"b7d6ae1\" data-element_type=\"column\" data-e-type=\"column\">\n\t\t\t<div class=\"elementor-widget-wrap elementor-element-populated\">\n\t\t\t\t\t\t<section class=\"elementor-section elementor-inner-section elementor-element elementor-element-6b9d53d elementor-section-height-default elementor-section-boxed elementor-section-height-default\" data-id=\"6b9d53d\" data-element_type=\"section\" data-e-type=\"section\">\n\t\t\t\t\t\t<div class=\"elementor-container elementor-column-gap-default\">\n\t\t\t\t\t<div class=\"aux-parallax-section elementor-column elementor-col-100 elementor-top-column elementor-element elementor-element-909ced8\" data-id=\"909ced8\" data-element_type=\"column\" data-e-type=\"column\">\n\t\t\t<div class=\"elementor-widget-wrap elementor-element-populated\">\n\t\t\t\t\t\t<section class=\"elementor-section elementor-inner-section elementor-element elementor-element-242063b elementor-section-boxed elementor-section-height-default elementor-section-height-default\" data-id=\"242063b\" data-element_type=\"section\" data-e-type=\"section\">\n\t\t\t\t\t\t<div class=\"elementor-container elementor-column-gap-default\">\n\t\t\t\t\t<div class=\"aux-parallax-section elementor-column elementor-col-50 elementor-inner-column elementor-element elementor-element-6764a5a\" data-id=\"6764a5a\" data-element_type=\"column\" data-e-type=\"column\">\n\t\t\t<div class=\"elementor-widget-wrap elementor-element-populated\">\n\t\t\t\t\t\t<div class=\"elementor-element elementor-element-44058a0 elementor-widget elementor-widget-text-editor\" data-id=\"44058a0\" data-element_type=\"widget\" data-e-type=\"widget\" data-widget_type=\"text-editor.default\">\n\t\t\t\t<div class=\"elementor-widget-container\">\n\t\t\t\t\t\t\t\t\t<p>Die Thermal\/Wellness-Produkte von Ceragem werden in mehr als 70 L\u00e4ndern weltweit vertrieben und zu 100 % im Inland hergestellt. Ceragem plant, seine F\u00fchrungsposition bei im Inland hergestellten Ger\u00e4ten und Hilfsmitteln f\u00fcr die Gesundheitsf\u00fcrsorge durch fortgesetzte globale Expansion zu sichern.<\/p><p>Ein Sprecher von Ceragem kommentierte die Auszeichnung: &#8222;Diese Anerkennung ist das Ergebnis der kontinuierlichen Bem\u00fchungen von Ceragem, in allen Bereichen &#8211; von der Qualit\u00e4t \u00fcber die Technologie bis hin zum Service &#8211; F\u00e4higkeiten auf globalem Niveau aufzubauen. Wir werden auch weiterhin alle Anstrengungen unternehmen, durch eine aktive Expansion in \u00dcbersee dazu beizutragen, dass einheimische Produkte von hervorragender Qualit\u00e4t auf dem globalen Markt bestehen k\u00f6nnen.<\/p><p>\u00a0<\/p>\t\t\t\t\t\t\t\t<\/div>\n\t\t\t\t<\/div>\n\t\t\t\t\t<\/div>\n\t\t<\/div>\n\t\t\t\t<div class=\"aux-parallax-section elementor-column elementor-col-50 elementor-inner-column elementor-element elementor-element-a0b7910\" data-id=\"a0b7910\" data-element_type=\"column\" data-e-type=\"column\">\n\t\t\t<div class=\"elementor-widget-wrap elementor-element-populated\">\n\t\t\t\t\t\t<div class=\"elementor-element elementor-element-1fe507f elementor-widget elementor-widget-image\" data-id=\"1fe507f\" data-element_type=\"widget\" data-e-type=\"widget\" data-widget_type=\"image.default\">\n\t\t\t\t<div class=\"elementor-widget-container\">\n\t\t\t\t\t\t\t\t\t\t\t\t\t\t\t<img decoding=\"async\" src=\"https:\/\/ceragem.de\/wp-content\/uploads\/2023\/12\/ceragem-award-dezember-2023.jpg\" title=\"\" alt=\"Globale Errungenschaften: Ceragem erh\u00e4lt den Presidential Award beim Trade Day\" loading=\"lazy\" \/>\t\t\t\t\t\t\t\t\t\t\t\t\t\t\t<\/div>\n\t\t\t\t<\/div>\n\t\t\t\t\t<\/div>\n\t\t<\/div>\n\t\t\t\t\t<\/div>\n\t\t<\/section>\n\t\t\t\t\t<\/div>\n\t\t<\/div>\n\t\t\t\t\t<\/div>\n\t\t<\/section>\n\t\t\t\t\t<\/div>\n\t\t<\/div>\n\t\t\t\t\t<\/div>\n\t\t<\/section>\n\t\t\t\t<\/div>\n\t\t","protected":false},"excerpt":{"rendered":"<p>Am 6. Juni verk\u00fcndete Ceragem stolz, den Presidential Award bei der 60. Trade Day Celebration im COEX in Samseong-dong erhalten zu haben. Seit dem ersten Export in die Vereinigten Staaten im Jahr 1999 hat Ceragem aktiv \u00dcberseem\u00e4rkte erschlossen, indem es nach China, Indien und Europa expandierte. Derzeit betreibt das Unternehmen 2.500 Ceragem-Center in 70 L\u00e4ndern. [&hellip;]<\/p>\n","protected":false},"author":2,"featured_media":5271,"comment_status":"closed","ping_status":"open","sticky":false,"template":"","format":"standard","meta":{"inline_featured_image":false,"footnotes":""},"categories":[31,106],"tags":[],"class_list":["post-5270","post","type-post","status-publish","format-standard","has-post-thumbnail","hentry","category-aktuelles","category-internationales"],"yoast_head":"<!-- This site is optimized with the Yoast SEO plugin v23.3 - https:\/\/yoast.com\/wordpress\/plugins\/seo\/ -->\n<title>Globale Errungenschaften: Ceragem erh\u00e4lt den Presidential Award beim Trade Day - Hermetschwil<\/title>\n<meta name=\"robots\" content=\"noindex, nofollow\" \/>\n<meta property=\"og:locale\" content=\"de_DE\" \/>\n<meta property=\"og:type\" content=\"article\" \/>\n<meta property=\"og:title\" content=\"Globale Errungenschaften: Ceragem erh\u00e4lt den Presidential Award beim Trade Day - Hermetschwil\" \/>\n<meta property=\"og:description\" content=\"Am 6. Juni verk\u00fcndete Ceragem stolz, den Presidential Award bei der 60. Trade Day Celebration im COEX in Samseong-dong erhalten zu haben. Seit dem ersten Export in die Vereinigten Staaten im Jahr 1999 hat Ceragem aktiv \u00dcberseem\u00e4rkte erschlossen, indem es nach China, Indien und Europa expandierte. Derzeit betreibt das Unternehmen 2.500 Ceragem-Center in 70 L\u00e4ndern. [&hellip;]\" \/>\n<meta property=\"og:url\" content=\"https:\/\/ceragem.de\/ch\/aktuelles\/globale-errungenschaften-ceragem-erhaelt-den-presidential-award-beim-trade-day\/\" \/>\n<meta property=\"og:site_name\" content=\"Hermetschwil\" \/>\n<meta property=\"article:published_time\" content=\"2023-12-16T18:54:10+00:00\" \/>\n<meta property=\"article:modified_time\" content=\"2023-12-16T18:56:39+00:00\" \/>\n<meta property=\"og:image\" content=\"https:\/\/ceragem.de\/ch\/wp-content\/uploads\/sites\/38\/2023\/12\/ceragem-award-dezember-2023.jpg\" \/>\n\t<meta property=\"og:image:width\" content=\"720\" \/>\n\t<meta property=\"og:image:height\" content=\"479\" \/>\n\t<meta property=\"og:image:type\" content=\"image\/jpeg\" \/>\n<meta name=\"author\" content=\"benjaminkeller\" \/>\n<meta name=\"twitter:card\" content=\"summary_large_image\" \/>\n<meta name=\"twitter:label1\" content=\"Geschrieben von\" \/>\n\t<meta name=\"twitter:data1\" content=\"benjaminkeller\" \/>\n\t<meta name=\"twitter:label2\" content=\"Gesch\u00e4tzte Lesezeit\" \/>\n\t<meta name=\"twitter:data2\" content=\"2\u00a0Minuten\" \/>\n<script type=\"application\/ld+json\" class=\"yoast-schema-graph\">{\"@context\":\"https:\/\/schema.org\",\"@graph\":[{\"@type\":\"Article\",\"@id\":\"https:\/\/ceragem.de\/ch\/aktuelles\/globale-errungenschaften-ceragem-erhaelt-den-presidential-award-beim-trade-day\/#article\",\"isPartOf\":{\"@id\":\"https:\/\/ceragem.de\/ch\/aktuelles\/globale-errungenschaften-ceragem-erhaelt-den-presidential-award-beim-trade-day\/\"},\"author\":{\"name\":\"benjaminkeller\",\"@id\":\"https:\/\/ceragem.de\/ch\/#\/schema\/person\/dfdd87477d9de16adb8bb4003233ecba\"},\"headline\":\"Globale Errungenschaften: Ceragem erh\u00e4lt den Presidential Award beim Trade Day\",\"datePublished\":\"2023-12-16T18:54:10+00:00\",\"dateModified\":\"2023-12-16T18:56:39+00:00\",\"mainEntityOfPage\":{\"@id\":\"https:\/\/ceragem.de\/ch\/aktuelles\/globale-errungenschaften-ceragem-erhaelt-den-presidential-award-beim-trade-day\/\"},\"wordCount\":217,\"publisher\":{\"@id\":\"https:\/\/ceragem.de\/ch\/#organization\"},\"image\":{\"@id\":\"https:\/\/ceragem.de\/ch\/aktuelles\/globale-errungenschaften-ceragem-erhaelt-den-presidential-award-beim-trade-day\/#primaryimage\"},\"thumbnailUrl\":\"https:\/\/ceragem.de\/ch\/wp-content\/uploads\/sites\/38\/2023\/12\/ceragem-award-dezember-2023.jpg\",\"articleSection\":[\"Aktuelles\",\"Internationales\"],\"inLanguage\":\"de\"},{\"@type\":\"WebPage\",\"@id\":\"https:\/\/ceragem.de\/ch\/aktuelles\/globale-errungenschaften-ceragem-erhaelt-den-presidential-award-beim-trade-day\/\",\"url\":\"https:\/\/ceragem.de\/ch\/aktuelles\/globale-errungenschaften-ceragem-erhaelt-den-presidential-award-beim-trade-day\/\",\"name\":\"Globale Errungenschaften: Ceragem erh\u00e4lt den Presidential Award beim Trade Day - Hermetschwil\",\"isPartOf\":{\"@id\":\"https:\/\/ceragem.de\/ch\/#website\"},\"primaryImageOfPage\":{\"@id\":\"https:\/\/ceragem.de\/ch\/aktuelles\/globale-errungenschaften-ceragem-erhaelt-den-presidential-award-beim-trade-day\/#primaryimage\"},\"image\":{\"@id\":\"https:\/\/ceragem.de\/ch\/aktuelles\/globale-errungenschaften-ceragem-erhaelt-den-presidential-award-beim-trade-day\/#primaryimage\"},\"thumbnailUrl\":\"https:\/\/ceragem.de\/ch\/wp-content\/uploads\/sites\/38\/2023\/12\/ceragem-award-dezember-2023.jpg\",\"datePublished\":\"2023-12-16T18:54:10+00:00\",\"dateModified\":\"2023-12-16T18:56:39+00:00\",\"breadcrumb\":{\"@id\":\"https:\/\/ceragem.de\/ch\/aktuelles\/globale-errungenschaften-ceragem-erhaelt-den-presidential-award-beim-trade-day\/#breadcrumb\"},\"inLanguage\":\"de\",\"potentialAction\":[{\"@type\":\"ReadAction\",\"target\":[\"https:\/\/ceragem.de\/ch\/aktuelles\/globale-errungenschaften-ceragem-erhaelt-den-presidential-award-beim-trade-day\/\"]}]},{\"@type\":\"ImageObject\",\"inLanguage\":\"de\",\"@id\":\"https:\/\/ceragem.de\/ch\/aktuelles\/globale-errungenschaften-ceragem-erhaelt-den-presidential-award-beim-trade-day\/#primaryimage\",\"url\":\"https:\/\/ceragem.de\/ch\/wp-content\/uploads\/sites\/38\/2023\/12\/ceragem-award-dezember-2023.jpg\",\"contentUrl\":\"https:\/\/ceragem.de\/ch\/wp-content\/uploads\/sites\/38\/2023\/12\/ceragem-award-dezember-2023.jpg\",\"width\":720,\"height\":479},{\"@type\":\"BreadcrumbList\",\"@id\":\"https:\/\/ceragem.de\/ch\/aktuelles\/globale-errungenschaften-ceragem-erhaelt-den-presidential-award-beim-trade-day\/#breadcrumb\",\"itemListElement\":[{\"@type\":\"ListItem\",\"position\":1,\"name\":\"Home\",\"item\":\"https:\/\/ceragem.de\/ch\/\"},{\"@type\":\"ListItem\",\"position\":2,\"name\":\"Globale Errungenschaften: Ceragem erh\u00e4lt den Presidential Award beim Trade Day\"}]},{\"@type\":\"WebSite\",\"@id\":\"https:\/\/ceragem.de\/ch\/#website\",\"url\":\"https:\/\/ceragem.de\/ch\/\",\"name\":\"Hermetschwil\",\"description\":\"\",\"publisher\":{\"@id\":\"https:\/\/ceragem.de\/ch\/#organization\"},\"potentialAction\":[{\"@type\":\"SearchAction\",\"target\":{\"@type\":\"EntryPoint\",\"urlTemplate\":\"https:\/\/ceragem.de\/ch\/?s={search_term_string}\"},\"query-input\":\"required name=search_term_string\"}],\"inLanguage\":\"de\"},{\"@type\":\"Organization\",\"@id\":\"https:\/\/ceragem.de\/ch\/#organization\",\"name\":\"Hermetschwil\",\"url\":\"https:\/\/ceragem.de\/ch\/\",\"logo\":{\"@type\":\"ImageObject\",\"inLanguage\":\"de\",\"@id\":\"https:\/\/ceragem.de\/ch\/#\/schema\/logo\/image\/\",\"url\":\"https:\/\/ceragem.de\/ch\/wp-content\/uploads\/sites\/38\/2022\/03\/ceragem-logo.svg\",\"contentUrl\":\"https:\/\/ceragem.de\/ch\/wp-content\/uploads\/sites\/38\/2022\/03\/ceragem-logo.svg\",\"width\":154,\"height\":22,\"caption\":\"Hermetschwil\"},\"image\":{\"@id\":\"https:\/\/ceragem.de\/ch\/#\/schema\/logo\/image\/\"}},{\"@type\":\"Person\",\"@id\":\"https:\/\/ceragem.de\/ch\/#\/schema\/person\/dfdd87477d9de16adb8bb4003233ecba\",\"name\":\"benjaminkeller\"}]}<\/script>\n<!-- \/ Yoast SEO plugin. -->","yoast_head_json":{"title":"Globale Errungenschaften: Ceragem erh\u00e4lt den Presidential Award beim Trade Day - Hermetschwil","robots":{"index":"noindex","follow":"nofollow"},"og_locale":"de_DE","og_type":"article","og_title":"Globale Errungenschaften: Ceragem erh\u00e4lt den Presidential Award beim Trade Day - Hermetschwil","og_description":"Am 6. Juni verk\u00fcndete Ceragem stolz, den Presidential Award bei der 60. Trade Day Celebration im COEX in Samseong-dong erhalten zu haben. Seit dem ersten Export in die Vereinigten Staaten im Jahr 1999 hat Ceragem aktiv \u00dcberseem\u00e4rkte erschlossen, indem es nach China, Indien und Europa expandierte. Derzeit betreibt das Unternehmen 2.500 Ceragem-Center in 70 L\u00e4ndern. [&hellip;]","og_url":"https:\/\/ceragem.de\/ch\/aktuelles\/globale-errungenschaften-ceragem-erhaelt-den-presidential-award-beim-trade-day\/","og_site_name":"Hermetschwil","article_published_time":"2023-12-16T18:54:10+00:00","article_modified_time":"2023-12-16T18:56:39+00:00","og_image":[{"width":720,"height":479,"url":"https:\/\/ceragem.de\/ch\/wp-content\/uploads\/sites\/38\/2023\/12\/ceragem-award-dezember-2023.jpg","type":"image\/jpeg"}],"author":"benjaminkeller","twitter_card":"summary_large_image","twitter_misc":{"Geschrieben von":"benjaminkeller","Gesch\u00e4tzte Lesezeit":"2\u00a0Minuten"},"schema":{"@context":"https:\/\/schema.org","@graph":[{"@type":"Article","@id":"https:\/\/ceragem.de\/ch\/aktuelles\/globale-errungenschaften-ceragem-erhaelt-den-presidential-award-beim-trade-day\/#article","isPartOf":{"@id":"https:\/\/ceragem.de\/ch\/aktuelles\/globale-errungenschaften-ceragem-erhaelt-den-presidential-award-beim-trade-day\/"},"author":{"name":"benjaminkeller","@id":"https:\/\/ceragem.de\/ch\/#\/schema\/person\/dfdd87477d9de16adb8bb4003233ecba"},"headline":"Globale Errungenschaften: Ceragem erh\u00e4lt den Presidential Award beim Trade Day","datePublished":"2023-12-16T18:54:10+00:00","dateModified":"2023-12-16T18:56:39+00:00","mainEntityOfPage":{"@id":"https:\/\/ceragem.de\/ch\/aktuelles\/globale-errungenschaften-ceragem-erhaelt-den-presidential-award-beim-trade-day\/"},"wordCount":217,"publisher":{"@id":"https:\/\/ceragem.de\/ch\/#organization"},"image":{"@id":"https:\/\/ceragem.de\/ch\/aktuelles\/globale-errungenschaften-ceragem-erhaelt-den-presidential-award-beim-trade-day\/#primaryimage"},"thumbnailUrl":"https:\/\/ceragem.de\/ch\/wp-content\/uploads\/sites\/38\/2023\/12\/ceragem-award-dezember-2023.jpg","articleSection":["Aktuelles","Internationales"],"inLanguage":"de"},{"@type":"WebPage","@id":"https:\/\/ceragem.de\/ch\/aktuelles\/globale-errungenschaften-ceragem-erhaelt-den-presidential-award-beim-trade-day\/","url":"https:\/\/ceragem.de\/ch\/aktuelles\/globale-errungenschaften-ceragem-erhaelt-den-presidential-award-beim-trade-day\/","name":"Globale Errungenschaften: Ceragem erh\u00e4lt den Presidential Award beim Trade Day - Hermetschwil","isPartOf":{"@id":"https:\/\/ceragem.de\/ch\/#website"},"primaryImageOfPage":{"@id":"https:\/\/ceragem.de\/ch\/aktuelles\/globale-errungenschaften-ceragem-erhaelt-den-presidential-award-beim-trade-day\/#primaryimage"},"image":{"@id":"https:\/\/ceragem.de\/ch\/aktuelles\/globale-errungenschaften-ceragem-erhaelt-den-presidential-award-beim-trade-day\/#primaryimage"},"thumbnailUrl":"https:\/\/ceragem.de\/ch\/wp-content\/uploads\/sites\/38\/2023\/12\/ceragem-award-dezember-2023.jpg","datePublished":"2023-12-16T18:54:10+00:00","dateModified":"2023-12-16T18:56:39+00:00","breadcrumb":{"@id":"https:\/\/ceragem.de\/ch\/aktuelles\/globale-errungenschaften-ceragem-erhaelt-den-presidential-award-beim-trade-day\/#breadcrumb"},"inLanguage":"de","potentialAction":[{"@type":"ReadAction","target":["https:\/\/ceragem.de\/ch\/aktuelles\/globale-errungenschaften-ceragem-erhaelt-den-presidential-award-beim-trade-day\/"]}]},{"@type":"ImageObject","inLanguage":"de","@id":"https:\/\/ceragem.de\/ch\/aktuelles\/globale-errungenschaften-ceragem-erhaelt-den-presidential-award-beim-trade-day\/#primaryimage","url":"https:\/\/ceragem.de\/ch\/wp-content\/uploads\/sites\/38\/2023\/12\/ceragem-award-dezember-2023.jpg","contentUrl":"https:\/\/ceragem.de\/ch\/wp-content\/uploads\/sites\/38\/2023\/12\/ceragem-award-dezember-2023.jpg","width":720,"height":479},{"@type":"BreadcrumbList","@id":"https:\/\/ceragem.de\/ch\/aktuelles\/globale-errungenschaften-ceragem-erhaelt-den-presidential-award-beim-trade-day\/#breadcrumb","itemListElement":[{"@type":"ListItem","position":1,"name":"Home","item":"https:\/\/ceragem.de\/ch\/"},{"@type":"ListItem","position":2,"name":"Globale Errungenschaften: Ceragem erh\u00e4lt den Presidential Award beim Trade Day"}]},{"@type":"WebSite","@id":"https:\/\/ceragem.de\/ch\/#website","url":"https:\/\/ceragem.de\/ch\/","name":"Hermetschwil","description":"","publisher":{"@id":"https:\/\/ceragem.de\/ch\/#organization"},"potentialAction":[{"@type":"SearchAction","target":{"@type":"EntryPoint","urlTemplate":"https:\/\/ceragem.de\/ch\/?s={search_term_string}"},"query-input":"required name=search_term_string"}],"inLanguage":"de"},{"@type":"Organization","@id":"https:\/\/ceragem.de\/ch\/#organization","name":"Hermetschwil","url":"https:\/\/ceragem.de\/ch\/","logo":{"@type":"ImageObject","inLanguage":"de","@id":"https:\/\/ceragem.de\/ch\/#\/schema\/logo\/image\/","url":"https:\/\/ceragem.de\/ch\/wp-content\/uploads\/sites\/38\/2022\/03\/ceragem-logo.svg","contentUrl":"https:\/\/ceragem.de\/ch\/wp-content\/uploads\/sites\/38\/2022\/03\/ceragem-logo.svg","width":154,"height":22,"caption":"Hermetschwil"},"image":{"@id":"https:\/\/ceragem.de\/ch\/#\/schema\/logo\/image\/"}},{"@type":"Person","@id":"https:\/\/ceragem.de\/ch\/#\/schema\/person\/dfdd87477d9de16adb8bb4003233ecba","name":"benjaminkeller"}]}},"_links":{"self":[{"href":"https:\/\/ceragem.de\/ch\/wp-json\/wp\/v2\/posts\/5270"}],"collection":[{"href":"https:\/\/ceragem.de\/ch\/wp-json\/wp\/v2\/posts"}],"about":[{"href":"https:\/\/ceragem.de\/ch\/wp-json\/wp\/v2\/types\/post"}],"author":[{"embeddable":true,"href":"https:\/\/ceragem.de\/ch\/wp-json\/wp\/v2\/users\/2"}],"replies":[{"embeddable":true,"href":"https:\/\/ceragem.de\/ch\/wp-json\/wp\/v2\/comments?post=5270"}],"version-history":[{"count":0,"href":"https:\/\/ceragem.de\/ch\/wp-json\/wp\/v2\/posts\/5270\/revisions"}],"wp:featuredmedia":[{"embeddable":true,"href":"https:\/\/ceragem.de\/ch\/wp-json\/wp\/v2\/media\/5271"}],"wp:attachment":[{"href":"https:\/\/ceragem.de\/ch\/wp-json\/wp\/v2\/media?parent=5270"}],"wp:term":[{"taxonomy":"category","embeddable":true,"href":"https:\/\/ceragem.de\/ch\/wp-json\/wp\/v2\/categories?post=5270"},{"taxonomy":"post_tag","embeddable":true,"href":"https:\/\/ceragem.de\/ch\/wp-json\/wp\/v2\/tags?post=5270"}],"curies":[{"name":"wp","href":"https:\/\/api.w.org\/{rel}","templated":true}]}}